{"id":12562,"date":"2026-08-31T09:15:26","date_gmt":"2026-08-31T09:15:26","guid":{"rendered":"https:\/\/intranet.endiama.co.ao\/?p=12562"},"modified":"2026-08-31T09:15:41","modified_gmt":"2026-08-31T09:15:41","slug":"endiama-e-p-reforca-capacitacao-sobre-medidas-de-emergencia-no-trabalho","status":"publish","type":"post","link":"https:\/\/intranet.endiama.co.ao\/?p=12562","title":{"rendered":"ENDIAMA E.P- refor\u00e7a capacita\u00e7\u00e3o sobre Medidas de Emerg\u00eancia no trabalho"},"content":{"rendered":"\n<figure class=\"wp-block-image size-large\"><img fetchpriority=\"high\" decoding=\"async\" width=\"1024\" height=\"576\" src=\"https:\/\/intranet.endiama.co.ao\/wp-content\/uploads\/2026\/08\/WhatsApp-Image-2026-08-29-at-12.17.18-1024x576.jpeg\" alt=\"\" class=\"wp-image-12564\" srcset=\"https:\/\/intranet.endiama.co.ao\/wp-content\/uploads\/2026\/08\/WhatsApp-Image-2026-08-29-at-12.17.18-1024x576.jpeg 1024w, https:\/\/intranet.endiama.co.ao\/wp-content\/uploads\/2026\/08\/WhatsApp-Image-2026-08-29-at-12.17.18-300x169.jpeg 300w, https:\/\/intranet.endiama.co.ao\/wp-content\/uploads\/2026\/08\/WhatsApp-Image-2026-08-29-at-12.17.18-768x432.jpeg 768w, https:\/\/intranet.endiama.co.ao\/wp-content\/uploads\/2026\/08\/WhatsApp-Image-2026-08-29-at-12.17.18.jpeg 1280w\" sizes=\"(max-width: 767px) 89vw, (max-width: 1000px) 54vw, (max-width: 1071px) 543px, 580px\" \/><\/figure>\n\n\n\n<p class=\"wp-block-paragraph\">A ENDIAMA E.P. deu in\u00edcio no passado s\u00e1bado, 29 de Agosto, \u00e0 uma ac\u00e7\u00e3o de forma\u00e7\u00e3o destinada aos membros da sua Brigada de Emerg\u00eancia, enquadrada no programa de capacita\u00e7\u00e3o e refor\u00e7o das compet\u00eancias dos colaboradores em mat\u00e9ria de seguran\u00e7a e resposta a situa\u00e7\u00f5es de emerg\u00eancia.<\/p>\n\n\n\n<p class=\"wp-block-paragraph\">A forma\u00e7\u00e3o, subordinada ao m\u00f3dulo \u201cMedidas de Emerg\u00eancia\u201d, decorreu no audit\u00f3rio do 1.\u00ba andar do Edif\u00edcio Sede da ENDIAMA E.P., reuniniu integrantes da Brigada de Emerg\u00eancia para uma jornada de aprendizagem e actualiza\u00e7\u00e3o de conhecimentos.<\/p>\n\n\n\n<p class=\"wp-block-paragraph\">A iniciativa tem como principal objectivo fortalecer a capacidade t\u00e9cnica e operacional dos membros da Brigada, proporcionando-lhes conhecimentos e ferramentas para uma actua\u00e7\u00e3o adequada, c\u00e9lere e coordenada perante eventuais emerg\u00eancias nas instala\u00e7\u00f5es da empresa.<\/p>\n\n\n\n<p class=\"wp-block-paragraph\">Ao longo da forma\u00e7\u00e3o, foram abordados conte\u00fados relacionados com a preven\u00e7\u00e3o, identifica\u00e7\u00e3o de riscos, procedimentos de emerg\u00eancia e medidas de resposta, com enfoque na protec\u00e7\u00e3o da vida humana, salvaguarda das instala\u00e7\u00f5es e redu\u00e7\u00e3o dos impactos decorrentes de eventuais ocorr\u00eancias.<\/p>\n\n\n\n<p class=\"wp-block-paragraph\">A aposta na capacita\u00e7\u00e3o reflecte do compromisso da ENDIAMA E.P. com a promo\u00e7\u00e3o e preven\u00e7\u00e3o de seguran\u00e7a e responsabilidade, elementos fundamentais para a protec\u00e7\u00e3o dos seus colaboradores das actividades da empresa. Constitui, igualmente, uma oportunidade para consolidar procedimentos internos e refor\u00e7ar a import\u00e2ncia de uma resposta organizada e eficaz perante situa\u00e7\u00f5es que possam representar riscos para pessoas, instala\u00e7\u00f5es e opera\u00e7\u00f5es.<\/p>\n\n\n\n<figure class=\"wp-block-image size-large\"><img decoding=\"async\" width=\"1024\" height=\"576\" src=\"https:\/\/intranet.endiama.co.ao\/wp-content\/uploads\/2026\/08\/WhatsApp-Image-2026-08-29-at-12.17.17-1024x576.jpeg\" alt=\"\" class=\"wp-image-12565\" srcset=\"https:\/\/intranet.endiama.co.ao\/wp-content\/uploads\/2026\/08\/WhatsApp-Image-2026-08-29-at-12.17.17-1024x576.jpeg 1024w, https:\/\/intranet.endiama.co.ao\/wp-content\/uploads\/2026\/08\/WhatsApp-Image-2026-08-29-at-12.17.17-300x169.jpeg 300w, https:\/\/intranet.endiama.co.ao\/wp-content\/uploads\/2026\/08\/WhatsApp-Image-2026-08-29-at-12.17.17-768x432.jpeg 768w, https:\/\/intranet.endiama.co.ao\/wp-content\/uploads\/2026\/08\/WhatsApp-Image-2026-08-29-at-12.17.17.jpeg 1280w\" sizes=\"(max-width: 767px) 89vw, (max-width: 1000px) 54vw, (max-width: 1071px) 543px, 580px\" \/><\/figure>\n","protected":false},"excerpt":{"rendered":"<p>A ENDIAMA E.P. deu in\u00edcio no passado s\u00e1bado, 29 de Agosto, \u00e0 uma ac\u00e7\u00e3o de forma\u00e7\u00e3o destinada aos membros da sua Brigada de Emerg\u00eancia, enquadrada no programa de capacita\u00e7\u00e3o e &hellip; <\/p>\n<p class=\"link-more\"><a href=\"https:\/\/intranet.endiama.co.ao\/?p=12562\" class=\"more-link\">Continue lendo<span class=\"screen-reader-text\"> &#8220;ENDIAMA E.P- refor\u00e7a capacita\u00e7\u00e3o sobre Medidas de Emerg\u00eancia no trabalho&#8221;<\/span><\/a><\/p>\n","protected":false},"author":197,"featured_media":12563,"comment_status":"open","ping_status":"closed","sticky":false,"template":"","format":"standard","meta":{"_thinkrank_schema_form_data":"","_thinkrank_selected_schema_type":"","_thinkrank_additional_schemas":"","_thinkrank_canonical_url":"","_thinkrank_og_title":"","_thinkrank_og_description":"","_thinkrank_og_image":"","_thinkrank_twitter_title":"","_thinkrank_twitter_description":"","_thinkrank_twitter_image":"","_thinkrank_imported_from":"","_thinkrank_focus_keywords":[],"_thinkrank_focus_keyword":"","_thinkrank_robots_meta_enabled":0,"_thinkrank_robots_meta":"[]","_thinkrank_advanced_robots_meta":"[]","_thinkrank_primary_category":0,"footnotes":""},"categories":[10],"tags":[],"class_list":["post-12562","post","type-post","status-publish","format-standard","has-post-thumbnail","hentry","category-noticias"],"_links":{"self":[{"href":"https:\/\/intranet.endiama.co.ao\/index.php?rest_route=\/wp\/v2\/posts\/12562","targetHints":{"allow":["GET"]}}],"collection":[{"href":"https:\/\/intranet.endiama.co.ao\/index.php?rest_route=\/wp\/v2\/posts"}],"about":[{"href":"https:\/\/intranet.endiama.co.ao\/index.php?rest_route=\/wp\/v2\/types\/post"}],"author":[{"embeddable":true,"href":"https:\/\/intranet.endiama.co.ao\/index.php?rest_route=\/wp\/v2\/users\/197"}],"replies":[{"embeddable":true,"href":"https:\/\/intranet.endiama.co.ao\/index.php?rest_route=%2Fwp%2Fv2%2Fcomments&post=12562"}],"version-history":[{"count":1,"href":"https:\/\/intranet.endiama.co.ao\/index.php?rest_route=\/wp\/v2\/posts\/12562\/revisions"}],"predecessor-version":[{"id":12566,"href":"https:\/\/intranet.endiama.co.ao\/index.php?rest_route=\/wp\/v2\/posts\/12562\/revisions\/12566"}],"wp:featuredmedia":[{"embeddable":true,"href":"https:\/\/intranet.endiama.co.ao\/index.php?rest_route=\/wp\/v2\/media\/12563"}],"wp:attachment":[{"href":"https:\/\/intranet.endiama.co.ao\/index.php?rest_route=%2Fwp%2Fv2%2Fmedia&parent=12562"}],"wp:term":[{"taxonomy":"category","embeddable":true,"href":"https:\/\/intranet.endiama.co.ao\/index.php?rest_route=%2Fwp%2Fv2%2Fcategories&post=12562"},{"taxonomy":"post_tag","embeddable":true,"href":"https:\/\/intranet.endiama.co.ao\/index.php?rest_route=%2Fwp%2Fv2%2Ftags&post=12562"}],"curies":[{"name":"wp","href":"https:\/\/api.w.org\/{rel}","templated":true}]}}