{"id":8932,"date":"2025-01-13T13:12:48","date_gmt":"2025-01-13T13:12:48","guid":{"rendered":"https:\/\/intranet.cefope.co.ao\/?p=8932"},"modified":"2025-01-13T13:14:47","modified_gmt":"2025-01-13T13:14:47","slug":"delegacao-da-endiama-constata-o-progresso-das-obras-do-campus-universitario-lueji-ankonde","status":"publish","type":"post","link":"https:\/\/intranet.endiama.co.ao\/?p=8932","title":{"rendered":"Delega\u00e7\u00e3o da ENDIAMA \u00a0\u00a0constata o progresso das obras do campus universit\u00e1rio Lueji A\u2019nkonde"},"content":{"rendered":"\n<figure class=\"wp-block-image size-large\"><img fetchpriority=\"high\" decoding=\"async\" width=\"1024\" height=\"768\" src=\"https:\/\/intranet.cefope.co.ao\/wp-content\/uploads\/2025\/01\/IMG_8811-3-1-1024x768.jpg\" alt=\"\" class=\"wp-image-8935\" srcset=\"https:\/\/intranet.endiama.co.ao\/wp-content\/uploads\/2025\/01\/IMG_8811-3-1-1024x768.jpg 1024w, https:\/\/intranet.endiama.co.ao\/wp-content\/uploads\/2025\/01\/IMG_8811-3-1-300x225.jpg 300w, https:\/\/intranet.endiama.co.ao\/wp-content\/uploads\/2025\/01\/IMG_8811-3-1-768x576.jpg 768w, https:\/\/intranet.endiama.co.ao\/wp-content\/uploads\/2025\/01\/IMG_8811-3-1.jpg 1066w\" sizes=\"(max-width: 767px) 89vw, (max-width: 1000px) 54vw, (max-width: 1071px) 543px, 580px\" \/><figcaption class=\"wp-element-caption\">default<\/figcaption><\/figure>\n\n\n\n<p class=\"wp-block-paragraph\">Uma delega\u00e7\u00e3o da ENDIAMA E.P, constitu\u00edda pelo seu Presidente e membros do Conselho de Administra\u00e7\u00e3o, diretores e representantes de projetos mineiros visitou est\u00e1 manh\u00e3, 13 de Janeiro, as obras do campus universit\u00e1rio da Universidade Lueji A\u2019nkonde, na Cidade do Dundo Prov\u00edncia da Lunda Norte.<\/p>\n\n\n\n<p class=\"wp-block-paragraph\">As obras da universidade que se encontra em fase final de constru\u00e7\u00e3o or\u00e7adas em cerca de cinquenta milh\u00f5es de d\u00f3lares, ter\u00e3o uma composi\u00e7\u00e3o de 80 salas de aula, um audit\u00f3rio moderno e com a capacidade para acolher 3.200 estudantes ano, contar\u00e1 com duas faculdades designadamente de Direito e Economia.<\/p>\n\n\n\n<p class=\"wp-block-paragraph\">Durante a visita, o PCA demonstrou satisfa\u00e7\u00e3o com o progresso das obras e refor\u00e7ou que o campus, estar\u00e1 conclu\u00eddo at\u00e9 o final de mar\u00e7o deste ano e destacou a import\u00e2ncia do projecto para o desenvolvimento educacional da regi\u00e3o.<\/p>\n","protected":false},"excerpt":{"rendered":"<p>Uma delega\u00e7\u00e3o da ENDIAMA E.P, constitu\u00edda pelo seu Presidente e membros do Conselho de Administra\u00e7\u00e3o, diretores e representantes de projetos mineiros visitou est\u00e1 manh\u00e3, 13 de Janeiro, as obras do &hellip; <\/p>\n<p class=\"link-more\"><a href=\"https:\/\/intranet.endiama.co.ao\/?p=8932\" class=\"more-link\">Continue lendo<span class=\"screen-reader-text\"> &#8220;Delega\u00e7\u00e3o da ENDIAMA \u00a0\u00a0constata o progresso das obras do campus universit\u00e1rio Lueji A\u2019nkonde&#8221;<\/span><\/a><\/p>\n","protected":false},"author":197,"featured_media":0,"comment_status":"open","ping_status":"closed","sticky":false,"template":"","format":"standard","meta":{"_thinkrank_schema_form_data":"","_thinkrank_selected_schema_type":"","_thinkrank_additional_schemas":"","_thinkrank_canonical_url":"","_thinkrank_og_title":"","_thinkrank_og_description":"","_thinkrank_og_image":"","_thinkrank_twitter_title":"","_thinkrank_twitter_description":"","_thinkrank_twitter_image":"","_thinkrank_imported_from":"","_thinkrank_focus_keywords":[],"_thinkrank_focus_keyword":"","_thinkrank_robots_meta_enabled":0,"_thinkrank_robots_meta":"","_thinkrank_advanced_robots_meta":"","_thinkrank_primary_category":0,"footnotes":""},"categories":[10],"tags":[],"class_list":["post-8932","post","type-post","status-publish","format-standard","hentry","category-noticias"],"_links":{"self":[{"href":"https:\/\/intranet.endiama.co.ao\/index.php?rest_route=\/wp\/v2\/posts\/8932","targetHints":{"allow":["GET"]}}],"collection":[{"href":"https:\/\/intranet.endiama.co.ao\/index.php?rest_route=\/wp\/v2\/posts"}],"about":[{"href":"https:\/\/intranet.endiama.co.ao\/index.php?rest_route=\/wp\/v2\/types\/post"}],"author":[{"embeddable":true,"href":"https:\/\/intranet.endiama.co.ao\/index.php?rest_route=\/wp\/v2\/users\/197"}],"replies":[{"embeddable":true,"href":"https:\/\/intranet.endiama.co.ao\/index.php?rest_route=%2Fwp%2Fv2%2Fcomments&post=8932"}],"version-history":[{"count":2,"href":"https:\/\/intranet.endiama.co.ao\/index.php?rest_route=\/wp\/v2\/posts\/8932\/revisions"}],"predecessor-version":[{"id":8937,"href":"https:\/\/intranet.endiama.co.ao\/index.php?rest_route=\/wp\/v2\/posts\/8932\/revisions\/8937"}],"wp:attachment":[{"href":"https:\/\/intranet.endiama.co.ao\/index.php?rest_route=%2Fwp%2Fv2%2Fmedia&parent=8932"}],"wp:term":[{"taxonomy":"category","embeddable":true,"href":"https:\/\/intranet.endiama.co.ao\/index.php?rest_route=%2Fwp%2Fv2%2Fcategories&post=8932"},{"taxonomy":"post_tag","embeddable":true,"href":"https:\/\/intranet.endiama.co.ao\/index.php?rest_route=%2Fwp%2Fv2%2Ftags&post=8932"}],"curies":[{"name":"wp","href":"https:\/\/api.w.org\/{rel}","templated":true}]}}